{"id":118,"date":"2020-06-01T11:00:00","date_gmt":"2020-06-01T09:00:00","guid":{"rendered":"https:\/\/www.prezman.fr\/blog\/?p=118"},"modified":"2024-06-24T10:40:39","modified_gmt":"2024-06-24T08:40:39","slug":"powerpoint-est-il-vraiment-votre-ennemi","status":"publish","type":"post","link":"https:\/\/www.prezman.fr\/blog\/powerpoint-est-il-vraiment-votre-ennemi\/","title":{"rendered":"PowerPoint est-il vraiment votre ennemi ?"},"content":{"rendered":"\n<h4 class=\"wp-block-heading\">Plus le temps passe, plus les critiques assassines contre PowerPoint se succ\u00e8dent. Le logiciel serait responsable de tous les maux : affaiblissement de la pens\u00e9e, sentiment erron\u00e9 de ma\u00eetrise et de compr\u00e9hension, perte de temps, inefficace&#8230; Les attaques fusent depuis des ann\u00e9es. Mais pourquoi ? PowerPoint est-il bien votre pire ennemi ?<\/h4>\n\n\n\n<h2 class=\"wp-block-heading\">Il n&rsquo;y a pas de fum\u00e9e sans feu<\/h2>\n\n\n\n<p>Quand on entend parler de PowerPoint, on a le sentiment d&rsquo;avoir affaire \u00e0 un serial killer. L&rsquo;expression de \u00ab\u00a0mort par Powerpoint\u00a0\u00bb, qui nous viendrait du consultant Alexei Kapterev, se diffuse  largement sur le web. Certaines critiques sont moins virulentes, comme par exemple celle de l&rsquo;ancien journaliste Franck Frommer qui a publi\u00e9 en 2010 <em>\u00ab\u00a0La Pens\u00e9e PowerPoint. Enqu\u00eate sur ce logiciel qui rend stupide\u00a0\u00bb<\/em> (La D\u00e9couverte). Regardons tout \u00e7a de plus pr\u00e8s.<\/p>\n\n\n\n<p>Edward Tufte est un c\u00e9l\u00e8bre professeur de l&rsquo;universit\u00e9 de Yale qui est d\u00e9crit dans le New York Times comme <em>\u00ab\u00a0le L\u00e9onard de Vinci des donn\u00e9es\u00a0\u00bb<\/em>. En 2003, il va incriminer l&rsquo;usage de Powerpoint comme l&rsquo;une des causes de l&rsquo;accident de la navette spatiale Columbia (<a href=\"https:\/\/presentations-de-vente.com\/et-si-la-nasa-avait-pas-utilise-powerpoint-en-2003\/\">voir ici<\/a>). Il \u00e9crit en 2006 qu\u2019<em>\u00ab&nbsp;h\u00e9las, les logiciels de pr\u00e9sentation r\u00e9duisent souvent la qualit\u00e9 analytique des pr\u00e9sentations. En particulier, les mod\u00e8les PowerPoint populaires affaiblissent g\u00e9n\u00e9ralement le raisonnement verbal&nbsp;et spatial&nbsp;\u00bb<\/em> (<em>The Cognitive Style of PowerPoint: Pitching Out Corrupts Within<\/em>). .<\/p>\n\n\n\n<p>C\u2019est aussi l\u2019avis du g\u00e9n\u00e9ral am\u00e9ricain McMaster. Interrog\u00e9 dans un article du NewYork Times d\u2019avril 2010, il avance que \u00ab&nbsp;certains probl\u00e8mes dans le monde ne sont pas transformables en bullet-points&nbsp;\u00bb. L\u2019arm\u00e9e am\u00e9ricaine est tr\u00e8s consommatrice de slides, et McMaster n\u2019est pas le seul \u00e0 \u00e9lever la voix. Le g\u00e9n\u00e9ral McChrystal, interview\u00e9 dans le m\u00eame article, raconte que lors d\u2019une pr\u00e9sentation sur la strat\u00e9gie militaire des forces am\u00e9ricaines en Afghanistan, une slide ressemblant \u00e0 un bol de spaghettis l\u2019a fait r\u00e9agir : \u00ab&nbsp;Lorsque nous aurons compris ce slide, nous aurons gagn\u00e9 la guerre ! \u00bb. La phrase, un tant soit peu provocatrice, a \u00e9t\u00e9 largement comment\u00e9e et relay\u00e9e dans les m\u00e9dias.<\/p>\n\n\n\n<figure class=\"wp-block-image size-large\"><img decoding=\"async\" src=\"https:\/\/static01.nyt.com\/images\/2010\/04\/27\/world\/27powerpoint_CA0_337-span\/27powerpoint_CA0-articleLarge.jpg\" alt=\"slide spaghetti New-York Times\"\/><\/figure>\n\n\n\n<p>Oui, <a href=\"https:\/\/www.prezman.fr\/blog\/5-erreurs-qui-tuent-vos-presentations\/\" target=\"_blank\" rel=\"noreferrer noopener\">les critiques fusent de partout<\/a>, et parfois de l\u00e0 o\u00f9 on les attend le moins&#8230; En Suisse, un parti politique \u00ab&nbsp;anti-PowerPoint&nbsp;\u00bb s\u2019est cr\u00e9\u00e9 avec l\u2019ambition affirm\u00e9e \u00ab&nbsp;de devenir le quatri\u00e8me plus grand parti de Suisse&nbsp;\u00bb. Rien que \u00e7a ! <\/p>\n\n\n\n<p>Bon, nous pourrions citer encore beaucoup d&rsquo;exemples. Mais finalement, une question demeure : ces attaques sont-elles justifi\u00e9es ? Pourquoi les plus grandes entreprises continuent-elles de l&rsquo;utiliser ? Seulement par habitude ? Ce qui est certain, c&rsquo;est qu&rsquo;il n&rsquo;y a pas de fum\u00e9e sans feu.<\/p>\n\n\n\n<h2 class=\"wp-block-heading\">Et si Powerpoint \u00e9tait votre meilleur ami ?<\/h2>\n\n\n\n<p>Avec tout ce qu&rsquo;on vient de dire, on se demande bien ce qu&rsquo;on peut encore trouver d&rsquo;int\u00e9ressant \u00e0 Powerpoint. Sans entrer ici dans une explication d\u00e9taill\u00e9e (pour cela, vous pouvez lire notre livre <em><a href=\"https:\/\/content.prezman.fr\/ebook-powerpoint-le-vrai-du-faux\">Powerpoint, le vrai du faux<\/a><\/em>) disons simplement ceci : <strong>accuser PowerPoint d&rsquo;affaiblir la pens\u00e9e, c&rsquo;est un peu comme accuser un tournevis de ne pas savoir planter des clous !<\/strong><\/p>\n\n\n\n<p>S\u00e9rieusement, qui vous a dit que PowerPoint \u00e9tait un outil pour vous aider \u00e0 r\u00e9fl\u00e9chir ? Le logiciel n&rsquo;a rien demand\u00e9 ! Le probl\u00e8me ne vient pas de l&rsquo;outil mais bien de son utilisation \u00e0 mauvais escient. Qui essaierait de couper un arbre avec une paire de ciseaux ? C&rsquo;est aussi stupide que de r\u00e9fl\u00e9chir selon la logique de slide et de bullet points de PowerPoint. Et pourtant, beaucoup de pr\u00e9sentateurs (presque tous ?) tombent dans le pi\u00e8ge.<\/p>\n\n\n\n<p>Tufte (toujours lui) affirme que le principe des \u00ab&nbsp;listes \u00e0 puces&nbsp;\u00bb ne permet pas d\u2019appr\u00e9hender des informations complexes. Pire, il rendrait plus difficiles les raisonnements en for\u00e7ant une hi\u00e9rarchisation des informations inutilement compliqu\u00e9e. <\/p>\n\n\n\n<p>La conclusion revient \u00e0 Edouard Gruwez, dans son excellent livre <em>Construire une pr\u00e9sentation efficace en 4 temps<\/em> : \u00ab&nbsp;Il est vrai que PowerPoint influence notre fa\u00e7on de penser et de pr\u00e9senter. Il y a une tendance inh\u00e9rente \u00e0 fragmenter les id\u00e9es et \u00e0 provoquer une surcharge cognitive.&nbsp;\u00bb. <\/p>\n\n\n\n<p>En fait, la logique de slide n&rsquo;est pas une logique de raisonnement appropri\u00e9. Citons Olivier Babeau, le pr\u00e9sident de l&rsquo;Institut Sapiens, qui r\u00e9sume parfaitement ceci dans <em>Les Echos <\/em>: \u00ab\u00a0Le format de la succession des planches brise <a href=\"https:\/\/www.prezman.fr\/blog\/storytelling-presentation-powerpoint\/\" target=\"_blank\" rel=\"noreferrer noopener\">la continuit\u00e9 narrative<\/a> et emp\u00eache le d\u00e9roulement d&rsquo;une r\u00e9flexion coh\u00e9rente. Elle favorise la juxtaposition d&rsquo;id\u00e9es plut\u00f4t que le d\u00e9roulement d&rsquo;une d\u00e9monstration\u00a0\u00bb. <a href=\"https:\/\/www.prezman.fr\">L&rsquo;agence PowerPoint Prezman<\/a> propose une formation d&rsquo;une heure d\u00e9di\u00e9e \u00e0 ce probl\u00e8me si vous souhaitez approfondir le sujet.<\/p>\n\n\n\n<p>Qu\u2019il s\u2019agisse de PowerPoint ou n\u2019importe lequel de ses concurrents, les logiciels de pr\u00e9sentation ne sont donc pas le r\u00e9el probl\u00e8me. Le souci, c\u2019est <a href=\"https:\/\/www.prezman.fr\/blog\/reussir-votre-presentation-commerciale-powerpoint\/\" target=\"_blank\" rel=\"noreferrer noopener\">l\u2019utilisation qu\u2019en fait le pr\u00e9sentateur<\/a>. Cela dit, si Powerpoint est correctement utilis\u00e9, est-il vraiment un avantage ? Devrions-nous changer de m\u00e9thode de communication ? Surtout pas ! Voyons maintenant pourquoi.<\/p>\n\n\n<div class=\"wp-block-image\">\n<figure class=\"aligncenter size-full\"><a href=\"https:\/\/content.prezman.fr\/ebook-powerpoint-le-vrai-du-faux\" target=\"_blank\" rel=\"noreferrer noopener\"><img loading=\"lazy\" decoding=\"async\" width=\"600\" height=\"200\" src=\"https:\/\/www.prezman.fr\/blog\/wp-content\/uploads\/2022\/05\/Bandeau-Ebook-2.png\" alt=\"\" class=\"wp-image-257\" srcset=\"https:\/\/www.prezman.fr\/blog\/wp-content\/uploads\/2022\/05\/Bandeau-Ebook-2.png 600w, https:\/\/www.prezman.fr\/blog\/wp-content\/uploads\/2022\/05\/Bandeau-Ebook-2-300x100.png 300w, https:\/\/www.prezman.fr\/blog\/wp-content\/uploads\/2022\/05\/Bandeau-Ebook-2-380x127.png 380w\" sizes=\"auto, (max-width: 600px) 100vw, 600px\" \/><\/a><\/figure>\n<\/div>\n\n\n<h2 class=\"wp-block-heading\">Le Naturel m\u00e9diatique<\/h2>\n\n\n\n<p>Ned Kock, chercheur et philosophe am\u00e9ricain de la Texas A&amp;M International University, est connu pour analyser le comportement humain avec les technologies en y int\u00e9grant les id\u00e9es de l\u2019\u00e9volution biologique. Il a introduit la th\u00e9orie du naturel m\u00e9diatique qu\u2019il d\u00e9veloppe dans diff\u00e9rentes publications tel que <em>The Psychobiological Model: Towards a New Theory of Computer-Mediated Communication Based on Darwinian Evolution<\/em> de juin 2004, paru dans la revue Organization Science.<\/p>\n\n\n\n<p>Ned Kock explique que le face-\u00e0-face est une m\u00e9thode de communication plus naturelle que les autres. Jusque-l\u00e0, rien de bien nouveau. Le chercheur a d\u00e9velopp\u00e9 une th\u00e9orie en avan\u00e7ant que cette m\u00e9thode naturelle est le meilleur moyen de communication qui soit. Il appelle cela le <em>\u00ab naturel m\u00e9diatique \u00bb<\/em>. C&rsquo;est donc un bon point pour la pr\u00e9sentation. En fait, cette th\u00e9orie affirme que plus la communication s\u2019apparente au naturel m\u00e9diatique, plus elle est susceptible d\u2019\u00eatre efficace. Autrement dit, plus une m\u00e9thode de communication s\u2019approche d&rsquo;un oral en face-\u00e0-face, <a href=\"https:\/\/www.prezman.fr\/blog\/comment-faire-passer-une-information-complexe-a-loral\/\" target=\"_blank\" rel=\"noreferrer noopener\">mieux les messages seront re\u00e7us, compris et enregistr\u00e9s<\/a>.<\/p>\n\n\n\n<p>La pr\u00e9sentation permet de communiquer de la mani\u00e8re la plus naturelle qui soit, et donc de la mani\u00e8re la plus profitable selon la th\u00e9orie du naturel m\u00e9diatique. Remplacer son oral par un fichier envoy\u00e9 par mail sera n\u00e9cessairement moins efficace. <\/p>\n\n\n\n<p>Ok, mais alors peut-on aussi parler sans slides ? Pourquoi appuyer son discours d&rsquo;un PowerPoint ? <\/p>\n\n\n\n<h2 class=\"wp-block-heading\">On comprend mieux ce qu&rsquo;on voit<\/h2>\n\n\n\n<p>Le professeur de psychologie Richard E. Mayer, de l\u2019Universit\u00e9 de Californie, est cat\u00e9gorique. Il affirme dans son livre <em>Multimedia Learning<\/em> qu\u2019<em>\u00ab on apprend mieux avec des mots et des images qu\u2019avec des mots seuls \u00bb<\/em>. Mayer s\u2019est int\u00e9ress\u00e9 \u00e0 l\u2019\u00e9tude de la science de l\u2019apprentissage pour rendre plus efficiente l\u2019\u00e9ducation. Il a notamment ax\u00e9 ses recherches sur l\u2019apprentissage assist\u00e9 par ordinateur. Ses \u00e9tudes ont d\u00e9montr\u00e9 que les r\u00e9sultats moyens des \u00e9tudiants sont nettement sup\u00e9rieurs lorsque ce qu&rsquo;il faut retenir est pr\u00e9sent\u00e9 avec des images plut\u00f4t qu\u2019avec du texte simple.<\/p>\n\n\n\n<p>Autrement dit, les mots sont plus difficiles \u00e0 retenir que les visuels. Qu\u2019ils soient \u00e9crits ou prononc\u00e9s \u00e0 l\u2019oral, leur impact est moindre et leur m\u00e9morisation plus compliqu\u00e9e. Le docteur Lynell Burmark, associ\u00e9 au centre Thornburg pour le d\u00e9veloppement professionnel et auteur de plusieurs livres et articles sur l\u2019alphab\u00e9tisation visuelle, le confirme. Elle ironise en pr\u00e9cisant qu\u2019 <em>\u00ab \u00e0 moins que les mots, les concepts, les id\u00e9es ne soient accroch\u00e9s par une image, ils entreront dans une oreille, naviguerons dans le cerveau, et sortirons par l\u2019autre oreille \u00bb<\/em>.<\/p>\n\n\n\n<p>Cet aspect de la m\u00e9moire humaine qui \u00ab pr\u00e9f\u00e8re \u00bb les visuels aux mots a une explication. John Berger, th\u00e9oricien des m\u00e9dias, l\u2019expliquait d\u00e9j\u00e0 son livre <em>Ways of Seeing<\/em> en 1972. Selon lui, l\u2019explication est assez simple. Il r\u00e9sume sa pens\u00e9e en disant que \u00ab la vue vient avant les mots. L\u2019enfant regarde et reconna\u00eet avant de savoir parler \u00bb. Le cerveau apprend donc \u00e0 comprendre et m\u00e9moriser avec la vue, bien avant de le faire avec les mots.<\/p>\n\n\n\n<p>D&rsquo;apr\u00e8s le professeur de psychologie Graham Hitch de l\u2019Universit\u00e9 de York, dans son article <em>Temporal Grouping Effects in Immediate Recall : A working Memory Analysis<\/em> de 1996, lorsqu\u2019une information pr\u00e9sent\u00e9e est structur\u00e9e selon une organisation pyramidale (voir notre <a href=\"https:\/\/content.prezman.fr\/ebook-powerpoint-le-vrai-du-faux\">livre<\/a>), sa m\u00e9morisation augmente de 30% si elle est transmise \u00e0 l\u2019oral, et de 60% si elle l\u2019est au moyen de visuels. <\/p>\n\n\n\n<p>La pr\u00e9sentation, comme nous l\u2019avons rappel\u00e9, est avant tout un exercice d\u2019oral. Toutefois, il est \u00e9tabli que l\u2019oral seul n\u2019est pas la m\u00e9thode de communication la plus optimale. Bien que le face-\u00e0-face corresponde au naturel m\u00e9diatique, lui adjoindre un support visuel est n\u00e9cessaire pour renforcer l&rsquo;impact, la compr\u00e9hension et la m\u00e9morisation. <\/p>\n\n\n\n<p><strong>Alors oui, <a href=\"https:\/\/www.prezman.fr\/blog\/comment-faire-une-bonne-presentation-powerpoint\/\" target=\"_blank\" rel=\"noreferrer noopener\">cr\u00e9er un bon PowerPoint <\/a>c&rsquo;est compliqu\u00e9, et oui, il serait souvent pr\u00e9f\u00e9rable de ne pas en faire du tout et de tout simplement parler en face de son public. Mais quand les enjeux sont importants, se passer d&rsquo;un bon support visuel serait une grave erreur&#8230;<\/strong><\/p>\n","protected":false},"excerpt":{"rendered":"Plus le temps passe, plus les critiques assassines contre PowerPoint se succ\u00e8dent. Le logiciel serait responsable de tous&hellip;\n","protected":false},"author":1,"featured_media":119,"comment_status":"closed","ping_status":"open","sticky":true,"template":"","format":"standard","meta":{"footnotes":""},"categories":[5],"tags":[],"class_list":{"0":"post-118","1":"post","2":"type-post","3":"status-publish","4":"format-standard","5":"has-post-thumbnail","7":"category-conseils-dexperts"},"yoast_head":"<!-- This site is optimized with the Yoast SEO plugin v27.4 - https:\/\/yoast.com\/product\/yoast-seo-wordpress\/ -->\n<title>PowerPoint est-il votre ennemi ?<\/title>\n<meta name=\"description\" content=\"Plus le temps passe, plus les critiques assassines contre PowerPoint se succ\u00e8dent. Mais pourquoi ? PowerPoint est-il bien votre pire ennemi ?\" \/>\n<meta name=\"robots\" content=\"index, follow, max-snippet:-1, max-image-preview:large, max-video-preview:-1\" \/>\n<link rel=\"canonical\" href=\"https:\/\/www.prezman.fr\/blog\/powerpoint-est-il-vraiment-votre-ennemi\/\" \/>\n<meta property=\"og:locale\" content=\"fr_FR\" \/>\n<meta property=\"og:type\" content=\"article\" \/>\n<meta property=\"og:title\" content=\"PowerPoint est-il votre ennemi ?\" \/>\n<meta property=\"og:description\" content=\"Plus le temps passe, plus les critiques assassines contre PowerPoint se succ\u00e8dent. Mais pourquoi ? PowerPoint est-il bien votre pire ennemi ?\" \/>\n<meta property=\"og:url\" content=\"https:\/\/www.prezman.fr\/blog\/powerpoint-est-il-vraiment-votre-ennemi\/\" \/>\n<meta property=\"og:site_name\" content=\"Prezman Blog\" \/>\n<meta property=\"article:published_time\" content=\"2020-06-01T09:00:00+00:00\" \/>\n<meta property=\"article:modified_time\" content=\"2024-06-24T08:40:39+00:00\" \/>\n<meta property=\"og:image\" content=\"https:\/\/www.prezman.fr\/blog\/wp-content\/uploads\/2020\/06\/10.jpg\" \/>\n\t<meta property=\"og:image:width\" content=\"1300\" \/>\n\t<meta property=\"og:image:height\" content=\"780\" \/>\n\t<meta property=\"og:image:type\" content=\"image\/jpeg\" \/>\n<meta name=\"author\" content=\"Prezman\" \/>\n<meta name=\"twitter:card\" content=\"summary_large_image\" \/>\n<meta name=\"twitter:label1\" content=\"\u00c9crit par\" \/>\n\t<meta name=\"twitter:data1\" content=\"Prezman\" \/>\n\t<meta name=\"twitter:label2\" content=\"Dur\u00e9e de lecture estim\u00e9e\" \/>\n\t<meta name=\"twitter:data2\" content=\"8 minutes\" \/>\n<script type=\"application\/ld+json\" class=\"yoast-schema-graph\">{\"@context\":\"https:\\\/\\\/schema.org\",\"@graph\":[{\"@type\":\"Article\",\"@id\":\"https:\\\/\\\/www.prezman.fr\\\/blog\\\/powerpoint-est-il-vraiment-votre-ennemi\\\/#article\",\"isPartOf\":{\"@id\":\"https:\\\/\\\/www.prezman.fr\\\/blog\\\/powerpoint-est-il-vraiment-votre-ennemi\\\/\"},\"author\":{\"name\":\"Prezman\",\"@id\":\"https:\\\/\\\/www.prezman.fr\\\/blog\\\/#\\\/schema\\\/person\\\/4d4af9e635f7f3cdc0286bbf499dc21b\"},\"headline\":\"PowerPoint est-il vraiment votre ennemi ?\",\"datePublished\":\"2020-06-01T09:00:00+00:00\",\"dateModified\":\"2024-06-24T08:40:39+00:00\",\"mainEntityOfPage\":{\"@id\":\"https:\\\/\\\/www.prezman.fr\\\/blog\\\/powerpoint-est-il-vraiment-votre-ennemi\\\/\"},\"wordCount\":1564,\"publisher\":{\"@id\":\"https:\\\/\\\/www.prezman.fr\\\/blog\\\/#organization\"},\"image\":{\"@id\":\"https:\\\/\\\/www.prezman.fr\\\/blog\\\/powerpoint-est-il-vraiment-votre-ennemi\\\/#primaryimage\"},\"thumbnailUrl\":\"https:\\\/\\\/www.prezman.fr\\\/blog\\\/wp-content\\\/uploads\\\/2020\\\/06\\\/10.jpg\",\"articleSection\":[\"Conseils d\u2019experts\"],\"inLanguage\":\"fr-FR\"},{\"@type\":\"WebPage\",\"@id\":\"https:\\\/\\\/www.prezman.fr\\\/blog\\\/powerpoint-est-il-vraiment-votre-ennemi\\\/\",\"url\":\"https:\\\/\\\/www.prezman.fr\\\/blog\\\/powerpoint-est-il-vraiment-votre-ennemi\\\/\",\"name\":\"PowerPoint est-il votre ennemi ?\",\"isPartOf\":{\"@id\":\"https:\\\/\\\/www.prezman.fr\\\/blog\\\/#website\"},\"primaryImageOfPage\":{\"@id\":\"https:\\\/\\\/www.prezman.fr\\\/blog\\\/powerpoint-est-il-vraiment-votre-ennemi\\\/#primaryimage\"},\"image\":{\"@id\":\"https:\\\/\\\/www.prezman.fr\\\/blog\\\/powerpoint-est-il-vraiment-votre-ennemi\\\/#primaryimage\"},\"thumbnailUrl\":\"https:\\\/\\\/www.prezman.fr\\\/blog\\\/wp-content\\\/uploads\\\/2020\\\/06\\\/10.jpg\",\"datePublished\":\"2020-06-01T09:00:00+00:00\",\"dateModified\":\"2024-06-24T08:40:39+00:00\",\"description\":\"Plus le temps passe, plus les critiques assassines contre PowerPoint se succ\u00e8dent. Mais pourquoi ? PowerPoint est-il bien votre pire ennemi ?\",\"breadcrumb\":{\"@id\":\"https:\\\/\\\/www.prezman.fr\\\/blog\\\/powerpoint-est-il-vraiment-votre-ennemi\\\/#breadcrumb\"},\"inLanguage\":\"fr-FR\",\"potentialAction\":[{\"@type\":\"ReadAction\",\"target\":[\"https:\\\/\\\/www.prezman.fr\\\/blog\\\/powerpoint-est-il-vraiment-votre-ennemi\\\/\"]}]},{\"@type\":\"ImageObject\",\"inLanguage\":\"fr-FR\",\"@id\":\"https:\\\/\\\/www.prezman.fr\\\/blog\\\/powerpoint-est-il-vraiment-votre-ennemi\\\/#primaryimage\",\"url\":\"https:\\\/\\\/www.prezman.fr\\\/blog\\\/wp-content\\\/uploads\\\/2020\\\/06\\\/10.jpg\",\"contentUrl\":\"https:\\\/\\\/www.prezman.fr\\\/blog\\\/wp-content\\\/uploads\\\/2020\\\/06\\\/10.jpg\",\"width\":1300,\"height\":780,\"caption\":\"PowerPoint est-il votre ennemi\"},{\"@type\":\"BreadcrumbList\",\"@id\":\"https:\\\/\\\/www.prezman.fr\\\/blog\\\/powerpoint-est-il-vraiment-votre-ennemi\\\/#breadcrumb\",\"itemListElement\":[{\"@type\":\"ListItem\",\"position\":1,\"name\":\"Prezman\",\"item\":\"https:\\\/\\\/www.prezman.fr\\\/blog\\\/\"},{\"@type\":\"ListItem\",\"position\":2,\"name\":\"PowerPoint est-il vraiment votre ennemi ?\"}]},{\"@type\":\"WebSite\",\"@id\":\"https:\\\/\\\/www.prezman.fr\\\/blog\\\/#website\",\"url\":\"https:\\\/\\\/www.prezman.fr\\\/blog\\\/\",\"name\":\"Prezman Blog\",\"description\":\"The PowerPoint Skills\",\"publisher\":{\"@id\":\"https:\\\/\\\/www.prezman.fr\\\/blog\\\/#organization\"},\"potentialAction\":[{\"@type\":\"SearchAction\",\"target\":{\"@type\":\"EntryPoint\",\"urlTemplate\":\"https:\\\/\\\/www.prezman.fr\\\/blog\\\/?s={search_term_string}\"},\"query-input\":{\"@type\":\"PropertyValueSpecification\",\"valueRequired\":true,\"valueName\":\"search_term_string\"}}],\"inLanguage\":\"fr-FR\"},{\"@type\":\"Organization\",\"@id\":\"https:\\\/\\\/www.prezman.fr\\\/blog\\\/#organization\",\"name\":\"Prezman\",\"url\":\"https:\\\/\\\/www.prezman.fr\\\/blog\\\/\",\"logo\":{\"@type\":\"ImageObject\",\"inLanguage\":\"fr-FR\",\"@id\":\"https:\\\/\\\/www.prezman.fr\\\/blog\\\/#\\\/schema\\\/logo\\\/image\\\/\",\"url\":\"https:\\\/\\\/www.prezman.fr\\\/blog\\\/wp-content\\\/uploads\\\/2022\\\/10\\\/logo-prezman-1.png\",\"contentUrl\":\"https:\\\/\\\/www.prezman.fr\\\/blog\\\/wp-content\\\/uploads\\\/2022\\\/10\\\/logo-prezman-1.png\",\"width\":500,\"height\":86,\"caption\":\"Prezman\"},\"image\":{\"@id\":\"https:\\\/\\\/www.prezman.fr\\\/blog\\\/#\\\/schema\\\/logo\\\/image\\\/\"},\"sameAs\":[\"https:\\\/\\\/www.linkedin.com\\\/company\\\/prezman\\\/\"]},{\"@type\":\"Person\",\"@id\":\"https:\\\/\\\/www.prezman.fr\\\/blog\\\/#\\\/schema\\\/person\\\/4d4af9e635f7f3cdc0286bbf499dc21b\",\"name\":\"Prezman\",\"image\":{\"@type\":\"ImageObject\",\"inLanguage\":\"fr-FR\",\"@id\":\"https:\\\/\\\/www.prezman.fr\\\/blog\\\/wp-content\\\/uploads\\\/2020\\\/05\\\/logo-prezman-2020-avatar-150x150.png\",\"url\":\"https:\\\/\\\/www.prezman.fr\\\/blog\\\/wp-content\\\/uploads\\\/2020\\\/05\\\/logo-prezman-2020-avatar-150x150.png\",\"contentUrl\":\"https:\\\/\\\/www.prezman.fr\\\/blog\\\/wp-content\\\/uploads\\\/2020\\\/05\\\/logo-prezman-2020-avatar-150x150.png\",\"caption\":\"Prezman\"},\"description\":\"L\u2019agence PowerPoint de r\u00e9f\u00e9rence en strat\u00e9gie et design de pr\u00e9sentation\",\"sameAs\":[\"https:\\\/\\\/www.prezman.fr\\\/blog\",\"https:\\\/\\\/www.linkedin.com\\\/company\\\/prezman\\\/\"]}]}<\/script>\n<!-- \/ Yoast SEO plugin. -->","yoast_head_json":{"title":"PowerPoint est-il votre ennemi ?","description":"Plus le temps passe, plus les critiques assassines contre PowerPoint se succ\u00e8dent. Mais pourquoi ? PowerPoint est-il bien votre pire ennemi ?","robots":{"index":"index","follow":"follow","max-snippet":"max-snippet:-1","max-image-preview":"max-image-preview:large","max-video-preview":"max-video-preview:-1"},"canonical":"https:\/\/www.prezman.fr\/blog\/powerpoint-est-il-vraiment-votre-ennemi\/","og_locale":"fr_FR","og_type":"article","og_title":"PowerPoint est-il votre ennemi ?","og_description":"Plus le temps passe, plus les critiques assassines contre PowerPoint se succ\u00e8dent. Mais pourquoi ? PowerPoint est-il bien votre pire ennemi ?","og_url":"https:\/\/www.prezman.fr\/blog\/powerpoint-est-il-vraiment-votre-ennemi\/","og_site_name":"Prezman Blog","article_published_time":"2020-06-01T09:00:00+00:00","article_modified_time":"2024-06-24T08:40:39+00:00","og_image":[{"width":1300,"height":780,"url":"https:\/\/www.prezman.fr\/blog\/wp-content\/uploads\/2020\/06\/10.jpg","type":"image\/jpeg"}],"author":"Prezman","twitter_card":"summary_large_image","twitter_misc":{"\u00c9crit par":"Prezman","Dur\u00e9e de lecture estim\u00e9e":"8 minutes"},"schema":{"@context":"https:\/\/schema.org","@graph":[{"@type":"Article","@id":"https:\/\/www.prezman.fr\/blog\/powerpoint-est-il-vraiment-votre-ennemi\/#article","isPartOf":{"@id":"https:\/\/www.prezman.fr\/blog\/powerpoint-est-il-vraiment-votre-ennemi\/"},"author":{"name":"Prezman","@id":"https:\/\/www.prezman.fr\/blog\/#\/schema\/person\/4d4af9e635f7f3cdc0286bbf499dc21b"},"headline":"PowerPoint est-il vraiment votre ennemi ?","datePublished":"2020-06-01T09:00:00+00:00","dateModified":"2024-06-24T08:40:39+00:00","mainEntityOfPage":{"@id":"https:\/\/www.prezman.fr\/blog\/powerpoint-est-il-vraiment-votre-ennemi\/"},"wordCount":1564,"publisher":{"@id":"https:\/\/www.prezman.fr\/blog\/#organization"},"image":{"@id":"https:\/\/www.prezman.fr\/blog\/powerpoint-est-il-vraiment-votre-ennemi\/#primaryimage"},"thumbnailUrl":"https:\/\/www.prezman.fr\/blog\/wp-content\/uploads\/2020\/06\/10.jpg","articleSection":["Conseils d\u2019experts"],"inLanguage":"fr-FR"},{"@type":"WebPage","@id":"https:\/\/www.prezman.fr\/blog\/powerpoint-est-il-vraiment-votre-ennemi\/","url":"https:\/\/www.prezman.fr\/blog\/powerpoint-est-il-vraiment-votre-ennemi\/","name":"PowerPoint est-il votre ennemi ?","isPartOf":{"@id":"https:\/\/www.prezman.fr\/blog\/#website"},"primaryImageOfPage":{"@id":"https:\/\/www.prezman.fr\/blog\/powerpoint-est-il-vraiment-votre-ennemi\/#primaryimage"},"image":{"@id":"https:\/\/www.prezman.fr\/blog\/powerpoint-est-il-vraiment-votre-ennemi\/#primaryimage"},"thumbnailUrl":"https:\/\/www.prezman.fr\/blog\/wp-content\/uploads\/2020\/06\/10.jpg","datePublished":"2020-06-01T09:00:00+00:00","dateModified":"2024-06-24T08:40:39+00:00","description":"Plus le temps passe, plus les critiques assassines contre PowerPoint se succ\u00e8dent. Mais pourquoi ? PowerPoint est-il bien votre pire ennemi ?","breadcrumb":{"@id":"https:\/\/www.prezman.fr\/blog\/powerpoint-est-il-vraiment-votre-ennemi\/#breadcrumb"},"inLanguage":"fr-FR","potentialAction":[{"@type":"ReadAction","target":["https:\/\/www.prezman.fr\/blog\/powerpoint-est-il-vraiment-votre-ennemi\/"]}]},{"@type":"ImageObject","inLanguage":"fr-FR","@id":"https:\/\/www.prezman.fr\/blog\/powerpoint-est-il-vraiment-votre-ennemi\/#primaryimage","url":"https:\/\/www.prezman.fr\/blog\/wp-content\/uploads\/2020\/06\/10.jpg","contentUrl":"https:\/\/www.prezman.fr\/blog\/wp-content\/uploads\/2020\/06\/10.jpg","width":1300,"height":780,"caption":"PowerPoint est-il votre ennemi"},{"@type":"BreadcrumbList","@id":"https:\/\/www.prezman.fr\/blog\/powerpoint-est-il-vraiment-votre-ennemi\/#breadcrumb","itemListElement":[{"@type":"ListItem","position":1,"name":"Prezman","item":"https:\/\/www.prezman.fr\/blog\/"},{"@type":"ListItem","position":2,"name":"PowerPoint est-il vraiment votre ennemi ?"}]},{"@type":"WebSite","@id":"https:\/\/www.prezman.fr\/blog\/#website","url":"https:\/\/www.prezman.fr\/blog\/","name":"Prezman Blog","description":"The PowerPoint Skills","publisher":{"@id":"https:\/\/www.prezman.fr\/blog\/#organization"},"potentialAction":[{"@type":"SearchAction","target":{"@type":"EntryPoint","urlTemplate":"https:\/\/www.prezman.fr\/blog\/?s={search_term_string}"},"query-input":{"@type":"PropertyValueSpecification","valueRequired":true,"valueName":"search_term_string"}}],"inLanguage":"fr-FR"},{"@type":"Organization","@id":"https:\/\/www.prezman.fr\/blog\/#organization","name":"Prezman","url":"https:\/\/www.prezman.fr\/blog\/","logo":{"@type":"ImageObject","inLanguage":"fr-FR","@id":"https:\/\/www.prezman.fr\/blog\/#\/schema\/logo\/image\/","url":"https:\/\/www.prezman.fr\/blog\/wp-content\/uploads\/2022\/10\/logo-prezman-1.png","contentUrl":"https:\/\/www.prezman.fr\/blog\/wp-content\/uploads\/2022\/10\/logo-prezman-1.png","width":500,"height":86,"caption":"Prezman"},"image":{"@id":"https:\/\/www.prezman.fr\/blog\/#\/schema\/logo\/image\/"},"sameAs":["https:\/\/www.linkedin.com\/company\/prezman\/"]},{"@type":"Person","@id":"https:\/\/www.prezman.fr\/blog\/#\/schema\/person\/4d4af9e635f7f3cdc0286bbf499dc21b","name":"Prezman","image":{"@type":"ImageObject","inLanguage":"fr-FR","@id":"https:\/\/www.prezman.fr\/blog\/wp-content\/uploads\/2020\/05\/logo-prezman-2020-avatar-150x150.png","url":"https:\/\/www.prezman.fr\/blog\/wp-content\/uploads\/2020\/05\/logo-prezman-2020-avatar-150x150.png","contentUrl":"https:\/\/www.prezman.fr\/blog\/wp-content\/uploads\/2020\/05\/logo-prezman-2020-avatar-150x150.png","caption":"Prezman"},"description":"L\u2019agence PowerPoint de r\u00e9f\u00e9rence en strat\u00e9gie et design de pr\u00e9sentation","sameAs":["https:\/\/www.prezman.fr\/blog","https:\/\/www.linkedin.com\/company\/prezman\/"]}]}},"_links":{"self":[{"href":"https:\/\/www.prezman.fr\/blog\/wp-json\/wp\/v2\/posts\/118","targetHints":{"allow":["GET"]}}],"collection":[{"href":"https:\/\/www.prezman.fr\/blog\/wp-json\/wp\/v2\/posts"}],"about":[{"href":"https:\/\/www.prezman.fr\/blog\/wp-json\/wp\/v2\/types\/post"}],"author":[{"embeddable":true,"href":"https:\/\/www.prezman.fr\/blog\/wp-json\/wp\/v2\/users\/1"}],"replies":[{"embeddable":true,"href":"https:\/\/www.prezman.fr\/blog\/wp-json\/wp\/v2\/comments?post=118"}],"version-history":[{"count":21,"href":"https:\/\/www.prezman.fr\/blog\/wp-json\/wp\/v2\/posts\/118\/revisions"}],"predecessor-version":[{"id":711,"href":"https:\/\/www.prezman.fr\/blog\/wp-json\/wp\/v2\/posts\/118\/revisions\/711"}],"wp:featuredmedia":[{"embeddable":true,"href":"https:\/\/www.prezman.fr\/blog\/wp-json\/wp\/v2\/media\/119"}],"wp:attachment":[{"href":"https:\/\/www.prezman.fr\/blog\/wp-json\/wp\/v2\/media?parent=118"}],"wp:term":[{"taxonomy":"category","embeddable":true,"href":"https:\/\/www.prezman.fr\/blog\/wp-json\/wp\/v2\/categories?post=118"},{"taxonomy":"post_tag","embeddable":true,"href":"https:\/\/www.prezman.fr\/blog\/wp-json\/wp\/v2\/tags?post=118"}],"curies":[{"name":"wp","href":"https:\/\/api.w.org\/{rel}","templated":true}]}}