{"id":372,"date":"2023-02-22T17:41:49","date_gmt":"2023-02-22T15:41:49","guid":{"rendered":"https:\/\/www.prezman.fr\/blog\/?p=372"},"modified":"2023-11-23T11:26:35","modified_gmt":"2023-11-23T09:26:35","slug":"le-naturel-mediatique-pourquoi-la-presentation-est-le-meilleur-moyen-de-communication","status":"publish","type":"post","link":"https:\/\/www.prezman.fr\/blog\/le-naturel-mediatique-pourquoi-la-presentation-est-le-meilleur-moyen-de-communication\/","title":{"rendered":"\u00ab\u00a0Le naturel m\u00e9diatique\u00a0\u00bb : pourquoi la pr\u00e9sentation est le meilleur moyen de communication"},"content":{"rendered":"\n<p>Dans une \u00e9tude que nous avons men\u00e9e d\u00e9but 2023 (r\u00e9sultats bient\u00f4t disponibles), 87% d\u2019entre vous ont affirm\u00e9 assister \u00e0 au moins 2 r\u00e9unions par semaine. 23% des r\u00e9pondants assistent m\u00eame \u00e0 plus de 10 r\u00e9unions hebdomadaires\u2026<\/p>\n\n\n\n<p>Ajoutons \u00e0 cela le fait que la plupart d\u2019entre elles reposent sur une pr\u00e9sentation et l\u2019on comprend rapidement pourquoi plus personne ne veut en entendre parler.<\/p>\n\n\n\n<p>Et pourtant, la pr\u00e9sentation reste bien le meilleur moyen de communication en entreprise ! (\u00e0 condition qu\u2019elle soit bien utilis\u00e9e, mais ce n\u2019est pas le d\u00e9bat d\u2019aujourd\u2019hui). Voyons ensemble pourquoi il ne faut pas se passer de cet exercice.<\/p>\n\n\n\n<h2 class=\"wp-block-heading\">Les risques de la pr\u00e9sentation<\/h2>\n\n\n\n<p>\u00c9videmment, comme nous venons d\u2019en parler plus haut, l\u2019exercice n\u2019est pas sans risques\u2026 L\u2019audience est globalement lass\u00e9e des PowerPoints interminables ou soporifiques (rayer la mention inutile). Certains parlent m\u00eame de \u201cmort par PowerPoint\u201d.<\/p>\n\n\n\n<p>Le probl\u00e8me de la pr\u00e9sentation, c\u2019est que c\u2019est du direct&#8230; avec les risques que cela implique pour l\u2019orateur !<\/p>\n\n\n\n<p>Qui n\u2019a jamais assist\u00e9 \u00e0 une pr\u00e9sentation o\u00f9 l\u2019orateur a \u00e9t\u00e9 victime de bafouilles, de trous de m\u00e9moire, d\u2019impr\u00e9vus, voire de syncope (j\u2019en fais trop ?) ! Vous avez peut-\u00eatre m\u00eame d\u00e9j\u00e0 \u00e9t\u00e9 touch\u00e9 directement par ces maux lors de l\u2019exercice.<\/p>\n\n\n\n<p>Clairement, le manque d\u2019assurance, coupl\u00e9 \u00e0 ces sorties de route, nuisent \u00e0 l\u2019objectif de la pr\u00e9sentation. Au point de se poser la question : pourquoi ne pas plut\u00f4t assurer le coup avec une vid\u00e9o ?&nbsp;<\/p>\n\n\n\n<p>Celle-ci pr\u00e9sente des avantages non n\u00e9gligeables. Ce n\u2019est pas du live. Il y a donc la possibilit\u00e9 de r\u00e9aliser plusieurs prises, de monter les s\u00e9quences, d\u2019adapter les messages et de reprendre le tout jusqu\u2019\u00e0 la perfection. De son c\u00f4t\u00e9, le destinataire peut prendre le temps de la regarder quand il le souhaite, sans contrainte d\u2019agenda. Et si certains passages ne sont pas clairs, il peut rejouer la vid\u00e9o \u00e0 loisir.<\/p>\n\n\n\n<p>Tentant, non ?<\/p>\n\n\n<div class=\"wp-block-image\">\n<figure class=\"aligncenter size-full\"><a href=\"https:\/\/content.prezman.fr\/ebook-powerpoint-le-vrai-du-faux\" target=\"_blank\" rel=\"noreferrer noopener\"><img loading=\"lazy\" decoding=\"async\" width=\"600\" height=\"200\" src=\"https:\/\/www.prezman.fr\/blog\/wp-content\/uploads\/2022\/05\/Bandeau-Ebook-5.png\" alt=\"Pr\u00e9sentation powerpoint, le vrai du faux\" class=\"wp-image-267\" srcset=\"https:\/\/www.prezman.fr\/blog\/wp-content\/uploads\/2022\/05\/Bandeau-Ebook-5.png 600w, https:\/\/www.prezman.fr\/blog\/wp-content\/uploads\/2022\/05\/Bandeau-Ebook-5-300x100.png 300w, https:\/\/www.prezman.fr\/blog\/wp-content\/uploads\/2022\/05\/Bandeau-Ebook-5-380x127.png 380w\" sizes=\"auto, (max-width: 600px) 100vw, 600px\" \/><\/a><\/figure>\n<\/div>\n\n\n<h2 class=\"wp-block-heading\">La th\u00e9orie du \u201cnaturel m\u00e9diatique\u201d<\/h2>\n\n\n\n<p>Si le support vid\u00e9o, peut effectivement \u00eatre s\u00e9duisant, ce n\u2019est clairement pas l\u2019id\u00e9al. Loin de d\u00e9fendre aveugl\u00e9ment notre paroisse, nous nous appuyons sur la th\u00e9orie de Ned Kock, \u201cle naturel m\u00e9diatique\u201d.<\/p>\n\n\n\n<p>Pour donner un peu de contexte, Ned Kock est un chercheur et philosophe am\u00e9ricain de la Texas A&amp;M International University. Il est notamment connu pour ses travaux sur l\u2019analyse et la compr\u00e9hension du comportement humain vis-\u00e0-vis des NTIC (nouvelles technologies de l\u2019information et de la communication).<\/p>\n\n\n\n<p>Revenons-en \u00e0 notre sujet, le naturel m\u00e9diatique, th\u00e9orie sur laquelle il a publi\u00e9 \u00e0 plusieurs reprises. Ned Kock nous explique qu\u2019une m\u00e9thode de communication est plus naturelle que les autres : le face \u00e0 face. Il d\u00e9veloppe en ajoutant que cette m\u00e9thode naturelle est la meilleure qui soit. C\u2019est ce qu\u2019il appelle le naturel m\u00e9diatique.<\/p>\n\n\n\n<p>L\u00e0 o\u00f9 cela devient int\u00e9ressant, c\u2019est qu&rsquo;il d\u00e9montre que plus la communication s\u2019approche du naturel m\u00e9diatique, plus elle sera susceptible d\u2019\u00eatre efficace. Autrement dit, plus une m\u00e9thode de communication s\u2019approche de l\u2019oral en face \u00e0 face, <a href=\"https:\/\/www.prezman.fr\/blog\/comment-faire-passer-une-information-complexe-a-loral\/\" target=\"_blank\" rel=\"noreferrer noopener\">mieux les messages seront re\u00e7us, compris et enregistr\u00e9s<\/a>.<\/p>\n\n\n\n<p>Un bon point pour la pr\u00e9sentation.<\/p>\n\n\n\n<h2 class=\"wp-block-heading\">Pourquoi la pr\u00e9sentation reste le canal de communication id\u00e9al<\/h2>\n\n\n\n<p>Evidemment, cela n\u2019enterre pas la vid\u00e9o. Elle peut tout \u00e0 fait \u00eatre int\u00e9ressante dans certains contextes. Mais elle n\u2019est pas optimale car on perd l&rsquo;int\u00e9r\u00eat du face \u00e0 face et des interactions avec son audience.<\/p>\n\n\n\n<p>De son c\u00f4t\u00e9, la <a href=\"https:\/\/www.prezman.fr\/blog\/comment-faire-une-bonne-presentation-powerpoint\/\" target=\"_blank\" rel=\"noreferrer noopener\">pr\u00e9sentation cumule les avantages<\/a>. Comme nous le disions, c\u2019est sans doute le mode de communication qui s\u2019approche le plus du naturel m\u00e9diatique dans le domaine professionnel. En effet, elle invite plusieurs personnes \u00e0 se r\u00e9unir en face \u00e0 face sur un cr\u00e9neau donn\u00e9 o\u00f9 tout le monde sera disponible et consacr\u00e9 \u00e0 cet \u00e9change. Dans le mille !<\/p>\n\n\n\n<p>Autre point important, comme il s\u2019agit de direct, la pr\u00e9sentation permet \u00e9galement d\u2019adapter son discours aux r\u00e9actions et aux questions de son audience. Ce qu\u2019une vid\u00e9o ne fera jamais. Le direct n\u2019a pas que des inconv\u00e9nients.<\/p>\n\n\n\n<p>Enfin, elle permet d\u2019allier plusieurs points capitaux : la communication orale, la communication corporelle et la communication visuelle (si associ\u00e9e \u00e0 un support). De nombreuses \u00e9tudes l\u2019ont d\u00e9montr\u00e9, la communication non-verbale a un impact tr\u00e8s important sur la perception d\u2019un message. Les communications corporelle et visuelle facilitent la compr\u00e9hension du message et permettent de gagner du temps. N\u2019avez-vous jamais dit \u00e0 quelqu\u2019un au t\u00e9l\u00e9phone, pour gagner du temps : \u201con se voit tout \u00e0 l\u2019heure, je t\u2019expliquerai\u201d ?<\/p>\n\n\n\n<p>Et comme nous avons d\u00e9j\u00e0 pu l\u2019aborder par ailleurs, l\u2019association d\u2019un visuel au discours pr\u00e9sente un int\u00e9r\u00eat non n\u00e9gligeable. Une \u00e9tude men\u00e9e \u00e0 l\u2019Universit\u00e9 du Minnesota avait conclu que les personnes qui utilisaient un visuel pour appuyer leur pr\u00e9sentation \u00e9taient 43% plus convaincantes que les autres.<\/p>\n\n\n\n<p>D\u2019ailleurs, visuel ne veut pas forc\u00e9ment dire PowerPoint. Les exemples sont nombreux :&nbsp; la professeure de math\u00e9matiques qui va s\u2019appuyer sur son tableau noir, le vendeur de voiture qui va pr\u00e9senter devant le v\u00e9hicule, l\u2019architecte devant des plans ou une maquette\u2026 Les supports de pr\u00e9sentation sont vari\u00e9s. M\u00eame si ceux dont que nous venons de mentionner comportent des limites : difficile de faire un cours de g\u00e9ographie sur un tableau noir, \u00e0 moins de prendre le temps de redessiner la carte du monde\u2026<\/p>\n\n\n\n<p>C\u2019est l\u00e0 tout l\u2019int\u00e9r\u00eat d\u2019un outil comme PowerPoint. Il permet \u00e0 la fois de s\u2019appuyer sur des slides, dans lesquels nous pouvons inclure des graphiques, des vid\u00e9os, des cartes ou m\u00eame s\u2019allier \u00e0 un paperboard. Le meilleur de chacun de ces mondes.<\/p>\n\n\n\n<p>Bref, si l\u2019on peut discuter de la n\u00e9cessit\u00e9 de pr\u00e9voir un PowerPoint pour chacune des r\u00e9unions \u00e0 laquelle vous assistez (et nous serons certainement d\u2019accord sur ce point), nous esp\u00e9rons vous avoir convaincu de son int\u00e9r\u00eat dans les moments importants.&nbsp;<\/p>\n\n\n\n<p>Pour peu que l\u2019on s\u2019y int\u00e9resse, les \u00e9tudes sur le fonctionnement du cerveau cognitif sont tr\u00e8s int\u00e9ressantes pour comprendre les m\u00e9canismes qui jouent sur la r\u00e9ussite d\u2019une pr\u00e9sentation. Mais \u00e9videmment, nous n\u2019allons pas vous demander de passer par la lecture fastidieuse de revues scientifiques si vous souhaitez creuser le sujet. Nous l\u2019avons fait pour vous et avons synth\u00e9tis\u00e9 l\u2019ensemble dans un <a href=\"https:\/\/content.prezman.fr\/ebook-powerpoint-le-vrai-du-faux\" target=\"_blank\" rel=\"noreferrer noopener\">ebook que vous pourrez consulter ici<\/a>.<\/p>\n\n\n\n<p>Et si vous souhaitez construire des pr\u00e9sentations vraiment efficaces, Prezman est une <a href=\"https:\/\/www.prezman.fr\/\" target=\"_blank\" rel=\"noreferrer noopener\">agence PowerPoint<\/a> sp\u00e9cialis\u00e9e en strat\u00e9gie et en design de pr\u00e9sentation, nous sommes l\u00e0 pour vous y aider !<\/p>\n","protected":false},"excerpt":{"rendered":"La pr\u00e9sentation est souvent critiqu\u00e9e. Pourtant elle reste le meilleur moyen de communiquer entre professionnels. Voici pourquoi !\n","protected":false},"author":3,"featured_media":375,"comment_status":"closed","ping_status":"open","sticky":false,"template":"","format":"standard","meta":{"footnotes":""},"categories":[5],"tags":[],"class_list":{"0":"post-372","1":"post","2":"type-post","3":"status-publish","4":"format-standard","5":"has-post-thumbnail","7":"category-conseils-dexperts"},"yoast_head":"<!-- This site is optimized with the Yoast SEO plugin v27.4 - https:\/\/yoast.com\/product\/yoast-seo-wordpress\/ -->\n<title>Pourquoi la pr\u00e9sentation est le meilleur moyen de communication<\/title>\n<meta name=\"description\" content=\"La pr\u00e9sentation est souvent critiqu\u00e9e. Pourtant elle reste le meilleur moyen de communiquer entre professionnels. Voici pourquoi !\" \/>\n<meta name=\"robots\" content=\"index, follow, max-snippet:-1, max-image-preview:large, max-video-preview:-1\" \/>\n<link rel=\"canonical\" href=\"https:\/\/www.prezman.fr\/blog\/le-naturel-mediatique-pourquoi-la-presentation-est-le-meilleur-moyen-de-communication\/\" \/>\n<meta property=\"og:locale\" content=\"fr_FR\" \/>\n<meta property=\"og:type\" content=\"article\" \/>\n<meta property=\"og:title\" content=\"Pourquoi la pr\u00e9sentation est le meilleur moyen de communication\" \/>\n<meta property=\"og:description\" content=\"La pr\u00e9sentation est souvent critiqu\u00e9e. Pourtant elle reste le meilleur moyen de communiquer entre professionnels. Voici pourquoi !\" \/>\n<meta property=\"og:url\" content=\"https:\/\/www.prezman.fr\/blog\/le-naturel-mediatique-pourquoi-la-presentation-est-le-meilleur-moyen-de-communication\/\" \/>\n<meta property=\"og:site_name\" content=\"Prezman Blog\" \/>\n<meta property=\"article:published_time\" content=\"2023-02-22T15:41:49+00:00\" \/>\n<meta property=\"article:modified_time\" content=\"2023-11-23T09:26:35+00:00\" \/>\n<meta property=\"og:image\" content=\"https:\/\/www.prezman.fr\/blog\/wp-content\/uploads\/2023\/02\/Image-article-naturel-mediatique-fonce.png\" \/>\n\t<meta property=\"og:image:width\" content=\"1720\" \/>\n\t<meta property=\"og:image:height\" content=\"1080\" \/>\n\t<meta property=\"og:image:type\" content=\"image\/png\" \/>\n<meta name=\"author\" content=\"Axel Kaletka\" \/>\n<meta name=\"twitter:card\" content=\"summary_large_image\" \/>\n<meta name=\"twitter:label1\" content=\"\u00c9crit par\" \/>\n\t<meta name=\"twitter:data1\" content=\"Axel Kaletka\" \/>\n\t<meta name=\"twitter:label2\" content=\"Dur\u00e9e de lecture estim\u00e9e\" \/>\n\t<meta name=\"twitter:data2\" content=\"6 minutes\" \/>\n<script type=\"application\/ld+json\" class=\"yoast-schema-graph\">{\"@context\":\"https:\\\/\\\/schema.org\",\"@graph\":[{\"@type\":\"Article\",\"@id\":\"https:\\\/\\\/www.prezman.fr\\\/blog\\\/le-naturel-mediatique-pourquoi-la-presentation-est-le-meilleur-moyen-de-communication\\\/#article\",\"isPartOf\":{\"@id\":\"https:\\\/\\\/www.prezman.fr\\\/blog\\\/le-naturel-mediatique-pourquoi-la-presentation-est-le-meilleur-moyen-de-communication\\\/\"},\"author\":{\"name\":\"Axel Kaletka\",\"@id\":\"https:\\\/\\\/www.prezman.fr\\\/blog\\\/#\\\/schema\\\/person\\\/24f131d8cc0c82a2fdc9dcdf444ce3a2\"},\"headline\":\"\u00ab\u00a0Le naturel m\u00e9diatique\u00a0\u00bb : pourquoi la pr\u00e9sentation est le meilleur moyen de communication\",\"datePublished\":\"2023-02-22T15:41:49+00:00\",\"dateModified\":\"2023-11-23T09:26:35+00:00\",\"mainEntityOfPage\":{\"@id\":\"https:\\\/\\\/www.prezman.fr\\\/blog\\\/le-naturel-mediatique-pourquoi-la-presentation-est-le-meilleur-moyen-de-communication\\\/\"},\"wordCount\":1181,\"publisher\":{\"@id\":\"https:\\\/\\\/www.prezman.fr\\\/blog\\\/#organization\"},\"image\":{\"@id\":\"https:\\\/\\\/www.prezman.fr\\\/blog\\\/le-naturel-mediatique-pourquoi-la-presentation-est-le-meilleur-moyen-de-communication\\\/#primaryimage\"},\"thumbnailUrl\":\"https:\\\/\\\/www.prezman.fr\\\/blog\\\/wp-content\\\/uploads\\\/2023\\\/02\\\/Image-article-naturel-mediatique-fonce.png\",\"articleSection\":[\"Conseils d\u2019experts\"],\"inLanguage\":\"fr-FR\"},{\"@type\":\"WebPage\",\"@id\":\"https:\\\/\\\/www.prezman.fr\\\/blog\\\/le-naturel-mediatique-pourquoi-la-presentation-est-le-meilleur-moyen-de-communication\\\/\",\"url\":\"https:\\\/\\\/www.prezman.fr\\\/blog\\\/le-naturel-mediatique-pourquoi-la-presentation-est-le-meilleur-moyen-de-communication\\\/\",\"name\":\"Pourquoi la pr\u00e9sentation est le meilleur moyen de communication\",\"isPartOf\":{\"@id\":\"https:\\\/\\\/www.prezman.fr\\\/blog\\\/#website\"},\"primaryImageOfPage\":{\"@id\":\"https:\\\/\\\/www.prezman.fr\\\/blog\\\/le-naturel-mediatique-pourquoi-la-presentation-est-le-meilleur-moyen-de-communication\\\/#primaryimage\"},\"image\":{\"@id\":\"https:\\\/\\\/www.prezman.fr\\\/blog\\\/le-naturel-mediatique-pourquoi-la-presentation-est-le-meilleur-moyen-de-communication\\\/#primaryimage\"},\"thumbnailUrl\":\"https:\\\/\\\/www.prezman.fr\\\/blog\\\/wp-content\\\/uploads\\\/2023\\\/02\\\/Image-article-naturel-mediatique-fonce.png\",\"datePublished\":\"2023-02-22T15:41:49+00:00\",\"dateModified\":\"2023-11-23T09:26:35+00:00\",\"description\":\"La pr\u00e9sentation est souvent critiqu\u00e9e. Pourtant elle reste le meilleur moyen de communiquer entre professionnels. Voici pourquoi !\",\"breadcrumb\":{\"@id\":\"https:\\\/\\\/www.prezman.fr\\\/blog\\\/le-naturel-mediatique-pourquoi-la-presentation-est-le-meilleur-moyen-de-communication\\\/#breadcrumb\"},\"inLanguage\":\"fr-FR\",\"potentialAction\":[{\"@type\":\"ReadAction\",\"target\":[\"https:\\\/\\\/www.prezman.fr\\\/blog\\\/le-naturel-mediatique-pourquoi-la-presentation-est-le-meilleur-moyen-de-communication\\\/\"]}]},{\"@type\":\"ImageObject\",\"inLanguage\":\"fr-FR\",\"@id\":\"https:\\\/\\\/www.prezman.fr\\\/blog\\\/le-naturel-mediatique-pourquoi-la-presentation-est-le-meilleur-moyen-de-communication\\\/#primaryimage\",\"url\":\"https:\\\/\\\/www.prezman.fr\\\/blog\\\/wp-content\\\/uploads\\\/2023\\\/02\\\/Image-article-naturel-mediatique-fonce.png\",\"contentUrl\":\"https:\\\/\\\/www.prezman.fr\\\/blog\\\/wp-content\\\/uploads\\\/2023\\\/02\\\/Image-article-naturel-mediatique-fonce.png\",\"width\":1720,\"height\":1080,\"caption\":\"pourquoi la pr\u00e9sentation est le meilleur moyen de communication\"},{\"@type\":\"BreadcrumbList\",\"@id\":\"https:\\\/\\\/www.prezman.fr\\\/blog\\\/le-naturel-mediatique-pourquoi-la-presentation-est-le-meilleur-moyen-de-communication\\\/#breadcrumb\",\"itemListElement\":[{\"@type\":\"ListItem\",\"position\":1,\"name\":\"Prezman\",\"item\":\"https:\\\/\\\/www.prezman.fr\\\/blog\\\/\"},{\"@type\":\"ListItem\",\"position\":2,\"name\":\"&#8220;Le naturel m\u00e9diatique&#8221; : pourquoi la pr\u00e9sentation est le meilleur moyen de communication\"}]},{\"@type\":\"WebSite\",\"@id\":\"https:\\\/\\\/www.prezman.fr\\\/blog\\\/#website\",\"url\":\"https:\\\/\\\/www.prezman.fr\\\/blog\\\/\",\"name\":\"Prezman Blog\",\"description\":\"The PowerPoint Skills\",\"publisher\":{\"@id\":\"https:\\\/\\\/www.prezman.fr\\\/blog\\\/#organization\"},\"potentialAction\":[{\"@type\":\"SearchAction\",\"target\":{\"@type\":\"EntryPoint\",\"urlTemplate\":\"https:\\\/\\\/www.prezman.fr\\\/blog\\\/?s={search_term_string}\"},\"query-input\":{\"@type\":\"PropertyValueSpecification\",\"valueRequired\":true,\"valueName\":\"search_term_string\"}}],\"inLanguage\":\"fr-FR\"},{\"@type\":\"Organization\",\"@id\":\"https:\\\/\\\/www.prezman.fr\\\/blog\\\/#organization\",\"name\":\"Prezman\",\"url\":\"https:\\\/\\\/www.prezman.fr\\\/blog\\\/\",\"logo\":{\"@type\":\"ImageObject\",\"inLanguage\":\"fr-FR\",\"@id\":\"https:\\\/\\\/www.prezman.fr\\\/blog\\\/#\\\/schema\\\/logo\\\/image\\\/\",\"url\":\"https:\\\/\\\/www.prezman.fr\\\/blog\\\/wp-content\\\/uploads\\\/2022\\\/10\\\/logo-prezman-1.png\",\"contentUrl\":\"https:\\\/\\\/www.prezman.fr\\\/blog\\\/wp-content\\\/uploads\\\/2022\\\/10\\\/logo-prezman-1.png\",\"width\":500,\"height\":86,\"caption\":\"Prezman\"},\"image\":{\"@id\":\"https:\\\/\\\/www.prezman.fr\\\/blog\\\/#\\\/schema\\\/logo\\\/image\\\/\"},\"sameAs\":[\"https:\\\/\\\/www.linkedin.com\\\/company\\\/prezman\\\/\"]},{\"@type\":\"Person\",\"@id\":\"https:\\\/\\\/www.prezman.fr\\\/blog\\\/#\\\/schema\\\/person\\\/24f131d8cc0c82a2fdc9dcdf444ce3a2\",\"name\":\"Axel Kaletka\",\"image\":{\"@type\":\"ImageObject\",\"inLanguage\":\"fr-FR\",\"@id\":\"https:\\\/\\\/secure.gravatar.com\\\/avatar\\\/ecf45e24a82c4e510f9938cbc173b12b67a44f1a70ab0d9e388a5ed6e8f81db9?s=96&d=mm&r=g\",\"url\":\"https:\\\/\\\/secure.gravatar.com\\\/avatar\\\/ecf45e24a82c4e510f9938cbc173b12b67a44f1a70ab0d9e388a5ed6e8f81db9?s=96&d=mm&r=g\",\"contentUrl\":\"https:\\\/\\\/secure.gravatar.com\\\/avatar\\\/ecf45e24a82c4e510f9938cbc173b12b67a44f1a70ab0d9e388a5ed6e8f81db9?s=96&d=mm&r=g\",\"caption\":\"Axel Kaletka\"}}]}<\/script>\n<!-- \/ Yoast SEO plugin. -->","yoast_head_json":{"title":"Pourquoi la pr\u00e9sentation est le meilleur moyen de communication","description":"La pr\u00e9sentation est souvent critiqu\u00e9e. Pourtant elle reste le meilleur moyen de communiquer entre professionnels. Voici pourquoi !","robots":{"index":"index","follow":"follow","max-snippet":"max-snippet:-1","max-image-preview":"max-image-preview:large","max-video-preview":"max-video-preview:-1"},"canonical":"https:\/\/www.prezman.fr\/blog\/le-naturel-mediatique-pourquoi-la-presentation-est-le-meilleur-moyen-de-communication\/","og_locale":"fr_FR","og_type":"article","og_title":"Pourquoi la pr\u00e9sentation est le meilleur moyen de communication","og_description":"La pr\u00e9sentation est souvent critiqu\u00e9e. Pourtant elle reste le meilleur moyen de communiquer entre professionnels. Voici pourquoi !","og_url":"https:\/\/www.prezman.fr\/blog\/le-naturel-mediatique-pourquoi-la-presentation-est-le-meilleur-moyen-de-communication\/","og_site_name":"Prezman Blog","article_published_time":"2023-02-22T15:41:49+00:00","article_modified_time":"2023-11-23T09:26:35+00:00","og_image":[{"width":1720,"height":1080,"url":"https:\/\/www.prezman.fr\/blog\/wp-content\/uploads\/2023\/02\/Image-article-naturel-mediatique-fonce.png","type":"image\/png"}],"author":"Axel Kaletka","twitter_card":"summary_large_image","twitter_misc":{"\u00c9crit par":"Axel Kaletka","Dur\u00e9e de lecture estim\u00e9e":"6 minutes"},"schema":{"@context":"https:\/\/schema.org","@graph":[{"@type":"Article","@id":"https:\/\/www.prezman.fr\/blog\/le-naturel-mediatique-pourquoi-la-presentation-est-le-meilleur-moyen-de-communication\/#article","isPartOf":{"@id":"https:\/\/www.prezman.fr\/blog\/le-naturel-mediatique-pourquoi-la-presentation-est-le-meilleur-moyen-de-communication\/"},"author":{"name":"Axel Kaletka","@id":"https:\/\/www.prezman.fr\/blog\/#\/schema\/person\/24f131d8cc0c82a2fdc9dcdf444ce3a2"},"headline":"\u00ab\u00a0Le naturel m\u00e9diatique\u00a0\u00bb : pourquoi la pr\u00e9sentation est le meilleur moyen de communication","datePublished":"2023-02-22T15:41:49+00:00","dateModified":"2023-11-23T09:26:35+00:00","mainEntityOfPage":{"@id":"https:\/\/www.prezman.fr\/blog\/le-naturel-mediatique-pourquoi-la-presentation-est-le-meilleur-moyen-de-communication\/"},"wordCount":1181,"publisher":{"@id":"https:\/\/www.prezman.fr\/blog\/#organization"},"image":{"@id":"https:\/\/www.prezman.fr\/blog\/le-naturel-mediatique-pourquoi-la-presentation-est-le-meilleur-moyen-de-communication\/#primaryimage"},"thumbnailUrl":"https:\/\/www.prezman.fr\/blog\/wp-content\/uploads\/2023\/02\/Image-article-naturel-mediatique-fonce.png","articleSection":["Conseils d\u2019experts"],"inLanguage":"fr-FR"},{"@type":"WebPage","@id":"https:\/\/www.prezman.fr\/blog\/le-naturel-mediatique-pourquoi-la-presentation-est-le-meilleur-moyen-de-communication\/","url":"https:\/\/www.prezman.fr\/blog\/le-naturel-mediatique-pourquoi-la-presentation-est-le-meilleur-moyen-de-communication\/","name":"Pourquoi la pr\u00e9sentation est le meilleur moyen de communication","isPartOf":{"@id":"https:\/\/www.prezman.fr\/blog\/#website"},"primaryImageOfPage":{"@id":"https:\/\/www.prezman.fr\/blog\/le-naturel-mediatique-pourquoi-la-presentation-est-le-meilleur-moyen-de-communication\/#primaryimage"},"image":{"@id":"https:\/\/www.prezman.fr\/blog\/le-naturel-mediatique-pourquoi-la-presentation-est-le-meilleur-moyen-de-communication\/#primaryimage"},"thumbnailUrl":"https:\/\/www.prezman.fr\/blog\/wp-content\/uploads\/2023\/02\/Image-article-naturel-mediatique-fonce.png","datePublished":"2023-02-22T15:41:49+00:00","dateModified":"2023-11-23T09:26:35+00:00","description":"La pr\u00e9sentation est souvent critiqu\u00e9e. Pourtant elle reste le meilleur moyen de communiquer entre professionnels. Voici pourquoi !","breadcrumb":{"@id":"https:\/\/www.prezman.fr\/blog\/le-naturel-mediatique-pourquoi-la-presentation-est-le-meilleur-moyen-de-communication\/#breadcrumb"},"inLanguage":"fr-FR","potentialAction":[{"@type":"ReadAction","target":["https:\/\/www.prezman.fr\/blog\/le-naturel-mediatique-pourquoi-la-presentation-est-le-meilleur-moyen-de-communication\/"]}]},{"@type":"ImageObject","inLanguage":"fr-FR","@id":"https:\/\/www.prezman.fr\/blog\/le-naturel-mediatique-pourquoi-la-presentation-est-le-meilleur-moyen-de-communication\/#primaryimage","url":"https:\/\/www.prezman.fr\/blog\/wp-content\/uploads\/2023\/02\/Image-article-naturel-mediatique-fonce.png","contentUrl":"https:\/\/www.prezman.fr\/blog\/wp-content\/uploads\/2023\/02\/Image-article-naturel-mediatique-fonce.png","width":1720,"height":1080,"caption":"pourquoi la pr\u00e9sentation est le meilleur moyen de communication"},{"@type":"BreadcrumbList","@id":"https:\/\/www.prezman.fr\/blog\/le-naturel-mediatique-pourquoi-la-presentation-est-le-meilleur-moyen-de-communication\/#breadcrumb","itemListElement":[{"@type":"ListItem","position":1,"name":"Prezman","item":"https:\/\/www.prezman.fr\/blog\/"},{"@type":"ListItem","position":2,"name":"&#8220;Le naturel m\u00e9diatique&#8221; : pourquoi la pr\u00e9sentation est le meilleur moyen de communication"}]},{"@type":"WebSite","@id":"https:\/\/www.prezman.fr\/blog\/#website","url":"https:\/\/www.prezman.fr\/blog\/","name":"Prezman Blog","description":"The PowerPoint Skills","publisher":{"@id":"https:\/\/www.prezman.fr\/blog\/#organization"},"potentialAction":[{"@type":"SearchAction","target":{"@type":"EntryPoint","urlTemplate":"https:\/\/www.prezman.fr\/blog\/?s={search_term_string}"},"query-input":{"@type":"PropertyValueSpecification","valueRequired":true,"valueName":"search_term_string"}}],"inLanguage":"fr-FR"},{"@type":"Organization","@id":"https:\/\/www.prezman.fr\/blog\/#organization","name":"Prezman","url":"https:\/\/www.prezman.fr\/blog\/","logo":{"@type":"ImageObject","inLanguage":"fr-FR","@id":"https:\/\/www.prezman.fr\/blog\/#\/schema\/logo\/image\/","url":"https:\/\/www.prezman.fr\/blog\/wp-content\/uploads\/2022\/10\/logo-prezman-1.png","contentUrl":"https:\/\/www.prezman.fr\/blog\/wp-content\/uploads\/2022\/10\/logo-prezman-1.png","width":500,"height":86,"caption":"Prezman"},"image":{"@id":"https:\/\/www.prezman.fr\/blog\/#\/schema\/logo\/image\/"},"sameAs":["https:\/\/www.linkedin.com\/company\/prezman\/"]},{"@type":"Person","@id":"https:\/\/www.prezman.fr\/blog\/#\/schema\/person\/24f131d8cc0c82a2fdc9dcdf444ce3a2","name":"Axel Kaletka","image":{"@type":"ImageObject","inLanguage":"fr-FR","@id":"https:\/\/secure.gravatar.com\/avatar\/ecf45e24a82c4e510f9938cbc173b12b67a44f1a70ab0d9e388a5ed6e8f81db9?s=96&d=mm&r=g","url":"https:\/\/secure.gravatar.com\/avatar\/ecf45e24a82c4e510f9938cbc173b12b67a44f1a70ab0d9e388a5ed6e8f81db9?s=96&d=mm&r=g","contentUrl":"https:\/\/secure.gravatar.com\/avatar\/ecf45e24a82c4e510f9938cbc173b12b67a44f1a70ab0d9e388a5ed6e8f81db9?s=96&d=mm&r=g","caption":"Axel Kaletka"}}]}},"_links":{"self":[{"href":"https:\/\/www.prezman.fr\/blog\/wp-json\/wp\/v2\/posts\/372","targetHints":{"allow":["GET"]}}],"collection":[{"href":"https:\/\/www.prezman.fr\/blog\/wp-json\/wp\/v2\/posts"}],"about":[{"href":"https:\/\/www.prezman.fr\/blog\/wp-json\/wp\/v2\/types\/post"}],"author":[{"embeddable":true,"href":"https:\/\/www.prezman.fr\/blog\/wp-json\/wp\/v2\/users\/3"}],"replies":[{"embeddable":true,"href":"https:\/\/www.prezman.fr\/blog\/wp-json\/wp\/v2\/comments?post=372"}],"version-history":[{"count":4,"href":"https:\/\/www.prezman.fr\/blog\/wp-json\/wp\/v2\/posts\/372\/revisions"}],"predecessor-version":[{"id":405,"href":"https:\/\/www.prezman.fr\/blog\/wp-json\/wp\/v2\/posts\/372\/revisions\/405"}],"wp:featuredmedia":[{"embeddable":true,"href":"https:\/\/www.prezman.fr\/blog\/wp-json\/wp\/v2\/media\/375"}],"wp:attachment":[{"href":"https:\/\/www.prezman.fr\/blog\/wp-json\/wp\/v2\/media?parent=372"}],"wp:term":[{"taxonomy":"category","embeddable":true,"href":"https:\/\/www.prezman.fr\/blog\/wp-json\/wp\/v2\/categories?post=372"},{"taxonomy":"post_tag","embeddable":true,"href":"https:\/\/www.prezman.fr\/blog\/wp-json\/wp\/v2\/tags?post=372"}],"curies":[{"name":"wp","href":"https:\/\/api.w.org\/{rel}","templated":true}]}}